{"id":170,"date":"2023-11-15T09:30:35","date_gmt":"2023-11-15T08:30:35","guid":{"rendered":"https:\/\/casadelaalquimiaaliksir.com\/?p=170"},"modified":"2024-03-27T09:51:36","modified_gmt":"2024-03-27T08:51:36","slug":"contra-la-oscuridad-la-alquimia-del-alma","status":"publish","type":"post","link":"https:\/\/casadelaalquimiaaliksir.com\/index.php\/2023\/11\/15\/contra-la-oscuridad-la-alquimia-del-alma\/","title":{"rendered":"Contra la oscuridad: la alquimia del alma"},"content":{"rendered":"\n[et_pb_section fb_built=\u00bb1&#8243; theme_builder_area=\u00bbpost_content\u00bb _builder_version=\u00bb4.24.2&#8243; _module_preset=\u00bbdefault\u00bb][et_pb_row _builder_version=\u00bb4.24.2&#8243; _module_preset=\u00bbdefault\u00bb theme_builder_area=\u00bbpost_content\u00bb][et_pb_column _builder_version=\u00bb4.24.2&#8243; _module_preset=\u00bbdefault\u00bb type=\u00bb4_4&#8243; theme_builder_area=\u00bbpost_content\u00bb][et_pb_text _builder_version=\u00bb4.24.2&#8243; _module_preset=\u00bbdefault\u00bb theme_builder_area=\u00bbpost_content\u00bb hover_enabled=\u00bb0&#8243; sticky_enabled=\u00bb0&#8243;]<h1 class=\"western\"><span style=\"color: #212529;\"><span style=\"font-family: Nunito, sans-serif;\"><span style=\"font-size: x-large;\">Contra la oscuridad: la alquimia del alma<\/span><\/span><\/span><\/h1>\n<p><span style=\"color: #212529;\"><span style=\"font-family: Nunito, sans-serif;\"><span style=\"font-size: small;\">Con la muerte de una fecunda simiente, se inicia un nuevo ciclo de vida: la germinaci\u00f3n, la planta, copiosos frutos\u2026<\/span><\/span><\/span><\/p>\n<p><span style=\"color: #212529;\"><span style=\"font-family: Nunito, sans-serif;\"><span style=\"font-size: small;\">Tras la reciente muerte del gran fil\u00f3sofo franc\u00e9s Roger Garaudy -acaecida el pasado d\u00eda 13 de junio, en Paris-, Salma Al-Farouki -directora palestina de la Casa Andalus\u00ed en C\u00f3rdoba, Espa\u00f1a, quien se enamorara apasionadamente del idealismo de la Filosof\u00eda Universal de Garaudy, y le acompa\u00f1ara en los momentos m\u00e1s fecundos de su obra sobre el Di\u00e1logo de Civilizaciones y Culturas-, me env\u00eda para su rese\u00f1a en los medios de comunicaci\u00f3n, el filme biogr\u00e1fico que en su d\u00eda le realizara una prestigiosa televisi\u00f3n francesa, para la serie\u00a0<i>Trayectorias del Siglo XX<\/i>.<\/span><\/span><\/span><\/p>\n<p><span style=\"color: #212529;\"><span style=\"font-family: Nunito, sans-serif;\"><span style=\"font-size: small;\">El po\u00e9tico t\u00edtulo de\u00a0<i>A contre nuit<\/i>, que enra\u00edza sus antecedentes en el libro de poemas<br \/>hom\u00f3nimo del fil\u00f3sofo, recuerdo me confi\u00f3, personalmente, que su poes\u00eda y filosof\u00eda bien pudieran considerarse, identificadas espiritualmente con La noche oscura del alma de San Juan de la Cruz, como \u201c<i>Luz en la noche, luces contra la oscuridad\u2026<\/i>\u201d; por lo que los t\u00edtulos del libro y el filme, necesariamente, pueden traducirse \u201cContra la oscuridad\u201d\u2026 -significado \u00e9ste que tuvo siempre el perseverante sentido y fin \u00faltimo de su vida, su filosof\u00eda, su obra\u2026-<\/span><\/span><\/span><\/p>\n<p><span style=\"color: #212529;\"><span style=\"font-family: Nunito, sans-serif;\"><span style=\"font-size: small;\">Tuve la inmensa fortuna de trabajar con el gran humanista, fil\u00f3sofo, poeta\u2026, entre otros cometidos: en el proyecto de\u00a0<i>La Historia del Libro en Al-Andalus<\/i>\u00a0y en la actualizaci\u00f3n de su multivisi\u00f3n\u00a0<i>Epopeya de la Cultura Universal<\/i>. En ella, en los \u00faltimos a\u00f1os del siglo XX, difund\u00eda su idealismo, su pensamiento y sus inquietudes acerca del\u00a0<b>Dialogo de Civilizaciones, Culturas y Religiones<\/b>, en su Fundaci\u00f3n de las Tres Culturas que, como Puente entre Oriente y Occidente, \u00e9l estableci\u00f3 en la sempiterna \u201cCiudad del Di\u00e1logo\u201d -y que anta\u00f1o fuera hist\u00f3rica Capital de Al-Andalus-, C\u00f3rdoba\u2026<\/span><\/span><\/span><\/p>\n<p><span style=\"color: #212529;\"><span style=\"font-family: Nunito, sans-serif;\"><span style=\"font-size: small;\">Aunque ya conoc\u00eda buena parte de su prol\u00edfica obra, y que muchos de sus libros me influenciaron profundamente \u2013<i>La alternativa, Palabra de hombre, El proyecto esperanza, Por un di\u00e1logo de civilizaciones, Mi vuelta al siglo en solitario\u2026<\/i>-, textos enriquecedores que tuve durante mucho tiempo como libros de cabecera; infinitamente m\u00e1s enriquecedora fue la relaci\u00f3n personal con el\u00a0<i><b>Maestro en Humanidad<\/b><\/i>, humilde, sencillo e infatigable trabajador del di\u00e1logo y el entendimiento, a trav\u00e9s de la filosof\u00eda, la ideolog\u00eda, la poes\u00eda,\u00a0 la alquimia del alma, la espiritualidad\u2026, a quien nunca le tembl\u00f3 ni la voz ni el pulso en sus ense\u00f1anzas, a la hora de denunciar los males del planeta: las corrupciones, las injusticias, las guerras, las violencias, las inhumanidades, la pobreza, el hambre, la miseria\u2026<\/span><\/span><\/span><\/p>\n<p><span style=\"color: #212529;\"><span style=\"font-family: Nunito, sans-serif;\"><span style=\"font-size: small;\">El filme\u00a0<i>A contre nuit<\/i>, semblanza de Roger Garaudy para citada serie de\u00a0<i>Trayectorias del Siglo XX<\/i>, es un documento imprescindible de conocer por todo aquel que m\u00ednimamente se interese por el autor y por el Humanismo Contempor\u00e1neo.<\/span><\/span><\/span><\/p>\n<p><span style=\"color: #212529;\"><span style=\"font-family: Nunito, sans-serif;\"><span style=\"font-size: small;\">Sus ense\u00f1anzas y denuncias, contenidas en el filme documental, acerca de los males de ese \u00faltimo siglo -que vienen condenando al planeta a la deshumanizaci\u00f3n, a la desnaturalizaci\u00f3n, al desastre\u2026-, son bienintencionadas premoniciones que provocan una seria y profunda reflexi\u00f3n acerca de nuestro destino personal y social y del sentido \u00faltimo de nuestra existencia.<\/span><\/span><\/span><\/p>\n<p><span style=\"color: #212529;\"><span style=\"font-family: Nunito, sans-serif;\"><span style=\"font-size: small;\">En el documental, se plasman hechos y situaciones cruciales de la sociedad de su tiempo y de la vida de Garaudy como: sus afinidades culturales y humanistas, sus disertaciones sobre la funci\u00f3n social del arte universal y los grandes artistas, sus relaciones con grandes personajes coet\u00e1neos -Pablo Picasso, Helder C\u00e1mara, Yehudi Menuhin\u2026-, sus disensiones pol\u00edticas, ideol\u00f3gicas y doctrinales, sus denuncias de los males de los integrismos -del catolicismo, del islamismo, del juda\u00edsmo\u2026-<\/span><\/span><\/span><\/p>\n<p><span style=\"color: #212529;\"><span style=\"font-family: Nunito, sans-serif;\"><span style=\"font-size: small;\">En definitiva, una acertada s\u00edntesis esencial de su vida y su obra\u2026<\/span><\/span><\/span><\/p>\n<p><span style=\"color: #212529;\"><span style=\"font-family: Nunito, sans-serif;\"><span style=\"font-size: small;\">Colaborador esforzado y muy comprometido con la inconclusa gran obra de la Creaci\u00f3n, a la que Dios, a todos, libremente llama, Garaudy -tras filmarle una entrevista para un programa europeo de televisi\u00f3n, en su Casa Andalus\u00ed, en el coraz\u00f3n de la juder\u00eda cordobesa-, me confes\u00f3, con la sencillez y claridad que le caracterizaban: \u201cMi vida, al igual que la de Don Quijote, ha consistido en una sucesi\u00f3n de idealistas y muy diversas aventuras\u2026, de ninguna de ellas me arrepiento porque, el \u201cdesfacer entuertos\u201d por un mundo mejor, ha sido y estado siempre en la punta de mi lanza\u2026 Para que todas las familias humanas se relacionen, seg\u00fan las ense\u00f1anzas y bienaventuranzas del profeta de Nazaret, he vivido en el seno de algunas de ellas para conocerlas a fondo y poder buscar mejor su entendimiento y convivencia\u2026 Otro mundo mejor es posible\u2026\u201d<\/span><\/span><\/span><\/p>\n<p><span style=\"color: #212529;\"><span style=\"font-family: Nunito, sans-serif;\"><span style=\"font-size: small;\">Claro es que, en la gran obra de la Creaci\u00f3n -y m\u00e1xime en las colaboraciones de los grandes personajes-, como \u201cnunca llueve a gusto de todos\u201d y \u201cel mundo est\u00e1 hecho de luces y de sombras\u201d, Garaudy siempre tuvo sus defensores y sus detractores. Sus defensores -al igual que todo el que persigue la concordia- siempre estuvieron del lado de la luz; sus detractores -acaso maquiav\u00e9licos amantes de la discordia-, sibilinamente, se decidieron por las sombras\u2026<\/span><\/span><\/span><\/p>\n<p><span style=\"color: #212529;\"><span style=\"font-family: Nunito, sans-serif;\"><span style=\"font-size: small;\">A poco de su fallecimiento, las amplias redes de Internet, al igual que en la literatura universal lo fueran las obras de Maim\u00f3nides, de Ibn Arabi, de San Juan de la Cruz\u2026, son f\u00e9rtiles praderas en las que la fecunda semilla del gran humanista, germina y crece, crece, crece\u2026 Ni el fil\u00f3sofo, ni el poeta, falleci\u00f3, su obra trasciende\u2026<\/span><\/span><\/span><\/p>\n<p><span style=\"color: #212529;\"><span style=\"font-family: Nunito, sans-serif;\"><span style=\"font-size: small;\">El documental\u00a0<i>A contre nuit<\/i>, resume, con esencial contundencia, lo que fue la vida y la obra de Garaudy, con aciertos y desaciertos, luchar\u00a0<i>Contra la oscuridad<\/i>\u2026<\/span><\/span><\/span><\/p>\n<p><span style=\"color: #212529;\"><span style=\"font-family: Nunito, sans-serif;\"><span style=\"font-size: small;\">De mi colaboraci\u00f3n, vivencias y lecciones aprendidas del Maestro, una luminosa e inolvidable semblanza me qued\u00f3 muy clara: \u201c<b>El idealista Garaudy tuvo siempre, como alquimia del alma, a Don Quijote en el pensamiento y a Jes\u00fas de Nazaret en el coraz\u00f3n\u2026<\/b>\u201d<\/span><\/span><\/span><\/p>\n<p><span><span style=\"color: #212529;\"><span style=\"font-family: Nunito, sans-serif;\"><span style=\"font-size: small;\">Autor: <\/span><\/span><\/span><\/span><span><span style=\"color: #212529;\"><span style=\"font-family: Nunito, sans-serif;\"><span style=\"font-size: small;\"><b>Francisco Montero<\/b><\/span><\/span><\/span><\/span><\/p>\n<p><span><span style=\"color: #212529;\"><span style=\"font-family: Nunito, sans-serif;\"><span style=\"font-size: small;\">Fuente: <\/span><\/span><\/span><\/span><strong><span><span style=\"color: #212529;\"><span style=\"font-family: Nunito, sans-serif;\"><span style=\"font-size: small;\"><b>Webislam<\/b><\/span><\/span><\/span><\/span><\/strong><span><span style=\"color: #212529;\"><span style=\"font-family: Nunito, sans-serif;\"><span style=\"font-size: small;\"> (3\/9\/2012)<\/span><\/span><\/span><\/span><\/p>[\/et_pb_text][\/et_pb_column][\/et_pb_row][\/et_pb_section]\n","protected":false},"excerpt":{"rendered":"<p>Contra la oscuridad: la alquimia del alma Con la muerte de una fecunda simiente, se inicia un nuevo ciclo de vida: la germinaci\u00f3n, la planta, copiosos frutos\u2026 Tras la reciente muerte del gran fil\u00f3sofo franc\u00e9s Roger Garaudy -acaecida el pasado d\u00eda 13 de junio, en Paris-, Salma Al-Farouki -directora palestina de la Casa Andalus\u00ed en [&hellip;]<\/p>\n","protected":false},"author":2,"featured_media":186,"comment_status":"open","ping_status":"open","sticky":false,"template":"","format":"standard","meta":{"_et_pb_use_builder":"on","_et_pb_old_content":"","_et_gb_content_width":"","footnotes":""},"categories":[8],"tags":[],"class_list":["post-170","post","type-post","status-publish","format-standard","has-post-thumbnail","hentry","category-articulos"],"_links":{"self":[{"href":"https:\/\/casadelaalquimiaaliksir.com\/index.php\/wp-json\/wp\/v2\/posts\/170","targetHints":{"allow":["GET"]}}],"collection":[{"href":"https:\/\/casadelaalquimiaaliksir.com\/index.php\/wp-json\/wp\/v2\/posts"}],"about":[{"href":"https:\/\/casadelaalquimiaaliksir.com\/index.php\/wp-json\/wp\/v2\/types\/post"}],"author":[{"embeddable":true,"href":"https:\/\/casadelaalquimiaaliksir.com\/index.php\/wp-json\/wp\/v2\/users\/2"}],"replies":[{"embeddable":true,"href":"https:\/\/casadelaalquimiaaliksir.com\/index.php\/wp-json\/wp\/v2\/comments?post=170"}],"version-history":[{"count":5,"href":"https:\/\/casadelaalquimiaaliksir.com\/index.php\/wp-json\/wp\/v2\/posts\/170\/revisions"}],"predecessor-version":[{"id":187,"href":"https:\/\/casadelaalquimiaaliksir.com\/index.php\/wp-json\/wp\/v2\/posts\/170\/revisions\/187"}],"wp:featuredmedia":[{"embeddable":true,"href":"https:\/\/casadelaalquimiaaliksir.com\/index.php\/wp-json\/wp\/v2\/media\/186"}],"wp:attachment":[{"href":"https:\/\/casadelaalquimiaaliksir.com\/index.php\/wp-json\/wp\/v2\/media?parent=170"}],"wp:term":[{"taxonomy":"category","embeddable":true,"href":"https:\/\/casadelaalquimiaaliksir.com\/index.php\/wp-json\/wp\/v2\/categories?post=170"},{"taxonomy":"post_tag","embeddable":true,"href":"https:\/\/casadelaalquimiaaliksir.com\/index.php\/wp-json\/wp\/v2\/tags?post=170"}],"curies":[{"name":"wp","href":"https:\/\/api.w.org\/{rel}","templated":true}]}}