{"id":176,"date":"2023-11-15T10:00:46","date_gmt":"2023-11-15T09:00:46","guid":{"rendered":"https:\/\/casadelaalquimiaaliksir.com\/?p=176"},"modified":"2024-03-27T09:51:51","modified_gmt":"2024-03-27T08:51:51","slug":"exposicion-transmutaciones-entrevista-a-la-artista-ana-daganzo","status":"publish","type":"post","link":"https:\/\/casadelaalquimiaaliksir.com\/index.php\/2023\/11\/15\/exposicion-transmutaciones-entrevista-a-la-artista-ana-daganzo\/","title":{"rendered":"Exposici\u00f3n Transmutaciones Entrevista a la artista Ana Daganzo"},"content":{"rendered":"\n[et_pb_section fb_built=\u00bb1&#8243; theme_builder_area=\u00bbpost_content\u00bb _builder_version=\u00bb4.24.2&#8243; _module_preset=\u00bbdefault\u00bb][et_pb_row _builder_version=\u00bb4.24.2&#8243; _module_preset=\u00bbdefault\u00bb theme_builder_area=\u00bbpost_content\u00bb][et_pb_column _builder_version=\u00bb4.24.2&#8243; _module_preset=\u00bbdefault\u00bb type=\u00bb4_4&#8243; theme_builder_area=\u00bbpost_content\u00bb][et_pb_image src=\u00bbhttp:\/\/casadelaalquimiaaliksir.com\/wp-content\/uploads\/2024\/03\/Ana-Daganzo.jpg\u00bb _builder_version=\u00bb4.24.2&#8243; _module_preset=\u00bbdefault\u00bb theme_builder_area=\u00bbpost_content\u00bb hover_enabled=\u00bb0&#8243; sticky_enabled=\u00bb0&#8243; title_text=\u00bbAna-Daganzo\u00bb align=\u00bbcenter\u00bb][\/et_pb_image][et_pb_image src=\u00bbhttp:\/\/casadelaalquimiaaliksir.com\/wp-content\/uploads\/2024\/03\/ana-daganzo-obra.jpg\u00bb _builder_version=\u00bb4.24.2&#8243; _module_preset=\u00bbdefault\u00bb theme_builder_area=\u00bbpost_content\u00bb hover_enabled=\u00bb0&#8243; sticky_enabled=\u00bb0&#8243; title_text=\u00bbana-daganzo-obra\u00bb align=\u00bbcenter\u00bb][\/et_pb_image][et_pb_text _builder_version=\u00bb4.24.2&#8243; _module_preset=\u00bbdefault\u00bb theme_builder_area=\u00bbpost_content\u00bb hover_enabled=\u00bb0&#8243; sticky_enabled=\u00bb0&#8243;]<h3 class=\"western\"><span><span style=\"font-family: Nunito, sans-serif;\"><span style=\"color: #000000;\">ENTREVISTA<\/span><\/span><\/span><\/h3>\n<p><span><span style=\"color: #000000;\"><span style=\"font-family: Nunito, sans-serif;\"><span style=\"font-size: small;\"><b><strong>\u00bfC\u00f3mo conociste el Museo de la Alquimia?<\/strong><\/b><\/span><\/span><\/span><\/span><\/p>\n<p><span><span style=\"font-family: Nunito, sans-serif;\"><span style=\"font-size: small;\"><span style=\"color: #000000;\">A ra\u00edz de empezar mi proyecto en la Fundaci\u00f3n Antonio Gala comenc\u00e9 a investigar sobre la Alquimia en Andaluc\u00eda y la primera noticia que le\u00ed en Internet acerca de este tema hablaba de la reciente apertura del Museo de la Alquimia en C\u00f3rdoba. Al poco tiempo me pas\u00e9 a visitarlo.<\/span><\/span><\/span><\/span><\/p>\n<p><span><span style=\"color: #000000;\"><span style=\"font-family: Nunito, sans-serif;\"><span style=\"font-size: small;\"><b><strong>\u00bfQu\u00e9 vinculaci\u00f3n tiene tu forma de trabajar con esta disciplina?<\/strong><\/b><\/span><\/span><\/span><\/span><\/p>\n<p><span><span style=\"font-family: Nunito, sans-serif;\"><span style=\"font-size: small;\"><span style=\"color: #000000;\">Por un lado, existe una analog\u00eda en la forma de trabajo, ya que conlleva una paciente investigaci\u00f3n con distintas soluciones, la mayor parte dentro del laboratorio. Fotograf\u00eda y Alquimia tienen fuertes vinculaciones desde sus or\u00edgenes hasta hoy en d\u00eda.<\/span><\/span><\/span><\/span><\/p>\n<p><span><span style=\"font-family: Nunito, sans-serif;\"><span style=\"font-size: small;\"><span style=\"color: #000000;\">Por otro lado, a nivel conceptual he estado leyendo distintos tratados alqu\u00edmicos, especialmente sobre los metales, s\u00edmbolos y microcosmos.<\/span><\/span><\/span><\/span><\/p>\n<p><span><span style=\"font-family: Nunito, sans-serif;\"><span style=\"font-size: small;\"><span style=\"color: #000000;\">La exposici\u00f3n realizada en el museo trataba de aunar estas dos disciplinas, la alquimia y la fotograf\u00eda, de una manera visual. Se mostraron tres procesos distintos de pintura fotoqu\u00edmica, uno de ellos formando una escalera ascendente y junto a ellos, una mesa con las distintas soluciones empleadas para crear esas im\u00e1genes, a modo de acto en potencia.<\/span><\/span><\/span><\/span><\/p>\n<p><span><span style=\"color: #000000;\"><span style=\"font-family: Nunito, sans-serif;\"><span style=\"font-size: small;\"><b><strong>En la presentaci\u00f3n tambi\u00e9n particip\u00f3 Guillem Santacruz, compa\u00f1ero tuyo en FG y escritor.<\/strong><\/b><\/span><\/span><\/span><\/span><\/p>\n<p><span><span style=\"font-family: Nunito, sans-serif;\"><span style=\"font-size: small;\"><span style=\"color: #000000;\">S\u00ed. Esto surge debido a que uno de los fines de la Fundaci\u00f3n es que haya cruce de ideas, conceptos y disciplinas entre los becarios y tras varias conversaciones con \u00e9l, decidi\u00f3 a\u00f1adir un alquimista en la historia de su novela.<\/span><\/span><\/span><\/span><\/p>\n<p><span><span style=\"font-family: Nunito, sans-serif;\"><span style=\"font-size: small;\"><span style=\"color: #000000;\">Cuando surge la colaboraci\u00f3n con el Museo de la Alquimia nos pareci\u00f3 interesante que \u00e9l participase con una conferencia sobre Alquimia y Lenguaje Simb\u00f3lico, un tema que ha estado explorando este \u00faltimo a\u00f1o.<\/span><\/span><\/span><\/span><\/p>\n<p><span><span style=\"color: #000000;\"><span style=\"font-family: Nunito, sans-serif;\"><span style=\"font-size: small;\"><b><strong>\u00bfQu\u00e9 balance haces de la exposici\u00f3n?<\/strong><\/b><\/span><\/span><\/span><\/span><\/p>\n<p><span><span style=\"font-family: Nunito, sans-serif;\"><span style=\"font-size: small;\"><span style=\"color: #000000;\">Un balance muy positivo. Tras trabajar tantos meses creando estas obras relacionadas con la alquimia y tras visitar el museo tuve claro que era muy significativo, interesante e inspirador mostrarlas all\u00ed.<\/span><\/span><\/span><\/span><\/p>\n<p><span><span style=\"font-family: Nunito, sans-serif;\"><span style=\"font-size: small;\"><span style=\"color: #000000;\">La exposici\u00f3n qued\u00f3 cuidada y se hizo lo posible porque las obras luciesen correctamente.<\/span><\/span><\/span><\/span><\/p>\n<p><span><span style=\"color: #000000;\"><span style=\"font-family: Nunito, sans-serif;\"><span style=\"font-size: small;\"><b><strong>\u00bfY de tu a\u00f1o en la Residencia?<\/strong><\/b><\/span><\/span><\/span><\/span><\/p>\n<p><span><span style=\"font-family: Nunito, sans-serif;\"><span style=\"font-size: small;\"><span style=\"color: #000000;\">Muy bueno tambi\u00e9n. Gracias a la Fundaci\u00f3n Antonio Gala he podido desarrollar un proyecto que exig\u00eda de mucha dedicaci\u00f3n y tiempo. He podido trabajar de manera libre en un espacio amplio y con todos los medios que necesitaba. Adem\u00e1s, ha sido muy enriquecedor compartir la experiencia con otros once artistas y compa\u00f1eros de los que he aprendido much\u00edsimo.<\/span><\/span><\/span><\/span><\/p>\n<p><span><span style=\"color: #000000;\"><span style=\"font-family: Nunito, sans-serif;\"><span style=\"font-size: small;\"><b><strong>\u00bfC\u00f3mo ha evolucionado tu obra en esta estancia?<\/strong><\/b><\/span><\/span><\/span><\/span><\/p>\n<p><span><span style=\"font-family: Nunito, sans-serif;\"><span style=\"font-size: small;\"><span style=\"color: #000000;\">Durante la estancia ha sido la vez que m\u00e1s pr\u00f3xima he estado a la pr\u00e1ctica pict\u00f3rica, ya que la mayor\u00eda de mis proyectos hab\u00edan sido desarrollados mediante fotograf\u00eda e instalaci\u00f3n.<\/span><\/span><\/span><\/span><\/p>\n<p><span><span style=\"font-family: Nunito, sans-serif;\"><span style=\"font-size: small;\"><span style=\"color: #000000;\">Este proyecto empez\u00f3 con una fase muy grande de experimentaci\u00f3n, ya que la t\u00e9cnica empleada es poco conocida y apenas existe informaci\u00f3n que consultar, con lo cual ha sido necesario el trabajo constante en el laboratorio hasta obtener resultados. Despu\u00e9s, una vez controlada la t\u00e9cnica, la composici\u00f3n fue la parte m\u00e1s importante, y finalmente pensar la puesta en escena m\u00e1s adecuada para que se entendieran las piezas.<\/span><\/span><\/span><\/span><\/p>\n<p><span><span style=\"color: #000000;\"><span style=\"font-family: Nunito, sans-serif;\"><span style=\"font-size: small;\"><b><strong>\u00bfQu\u00e9 recuerdos guardar\u00e1s de C\u00f3rdoba en general y de la Residencia en particular?<\/strong><\/b><\/span><\/span><\/span><\/span><\/p>\n<p><span><span style=\"font-family: Nunito, sans-serif;\"><span style=\"font-size: small;\"><span style=\"color: #000000;\">De C\u00f3rdoba los largos paseos en los que siempre descubr\u00eda alg\u00fan rinc\u00f3n nuevo.<\/span><\/span><\/span><\/span><\/p>\n<p><span><span style=\"font-family: Nunito, sans-serif;\"><span style=\"font-size: small;\"><span style=\"color: #000000;\">De la Fundaci\u00f3n la calma y la libertad para trabajar. El mirador con vistas a C\u00f3rdoba y el naranjo del claustro. Y las vistas a la mezquita desde el estudio de pintura.<\/span><\/span><\/span><\/span><\/p>\n<p><span><span style=\"color: #000000;\"><span style=\"font-family: Nunito, sans-serif;\"><span style=\"font-size: small;\">Autor:\u00a0<\/span><\/span><\/span><\/span><span><span style=\"color: #000000;\"><span style=\"font-family: Nunito, sans-serif;\"><span style=\"font-size: small;\"><b><strong>Teo Fern\u00e1ndez<\/strong><\/b><\/span><\/span><\/span><\/span><span style=\"color: #000000;\"><span style=\"font-family: Nunito, sans-serif;\"><span style=\"font-size: small;\"><span>\u00a0\u00a0Fuente:\u00a0<\/span><\/span><\/span><\/span><span><span style=\"color: #000000;\"><span style=\"font-family: Nunito, sans-serif;\"><span style=\"font-size: small;\"><b><strong>Museo Al-Iksir<\/strong><\/b><\/span><\/span><\/span><\/span><span style=\"color: #000000;\"><span style=\"font-family: Nunito, sans-serif;\"><span style=\"font-size: small;\"><span>\u00a0 (2018)<\/span><\/span><\/span><\/span><\/p>[\/et_pb_text][\/et_pb_column][\/et_pb_row][\/et_pb_section]\n","protected":false},"excerpt":{"rendered":"<p>ENTREVISTA \u00bfC\u00f3mo conociste el Museo de la Alquimia? A ra\u00edz de empezar mi proyecto en la Fundaci\u00f3n Antonio Gala comenc\u00e9 a investigar sobre la Alquimia en Andaluc\u00eda y la primera noticia que le\u00ed en Internet acerca de este tema hablaba de la reciente apertura del Museo de la Alquimia en C\u00f3rdoba. Al poco tiempo me [&hellip;]<\/p>\n","protected":false},"author":2,"featured_media":181,"comment_status":"open","ping_status":"open","sticky":false,"template":"","format":"standard","meta":{"_et_pb_use_builder":"on","_et_pb_old_content":"","_et_gb_content_width":"","footnotes":""},"categories":[8],"tags":[],"class_list":["post-176","post","type-post","status-publish","format-standard","has-post-thumbnail","hentry","category-articulos"],"_links":{"self":[{"href":"https:\/\/casadelaalquimiaaliksir.com\/index.php\/wp-json\/wp\/v2\/posts\/176","targetHints":{"allow":["GET"]}}],"collection":[{"href":"https:\/\/casadelaalquimiaaliksir.com\/index.php\/wp-json\/wp\/v2\/posts"}],"about":[{"href":"https:\/\/casadelaalquimiaaliksir.com\/index.php\/wp-json\/wp\/v2\/types\/post"}],"author":[{"embeddable":true,"href":"https:\/\/casadelaalquimiaaliksir.com\/index.php\/wp-json\/wp\/v2\/users\/2"}],"replies":[{"embeddable":true,"href":"https:\/\/casadelaalquimiaaliksir.com\/index.php\/wp-json\/wp\/v2\/comments?post=176"}],"version-history":[{"count":6,"href":"https:\/\/casadelaalquimiaaliksir.com\/index.php\/wp-json\/wp\/v2\/posts\/176\/revisions"}],"predecessor-version":[{"id":529,"href":"https:\/\/casadelaalquimiaaliksir.com\/index.php\/wp-json\/wp\/v2\/posts\/176\/revisions\/529"}],"wp:featuredmedia":[{"embeddable":true,"href":"https:\/\/casadelaalquimiaaliksir.com\/index.php\/wp-json\/wp\/v2\/media\/181"}],"wp:attachment":[{"href":"https:\/\/casadelaalquimiaaliksir.com\/index.php\/wp-json\/wp\/v2\/media?parent=176"}],"wp:term":[{"taxonomy":"category","embeddable":true,"href":"https:\/\/casadelaalquimiaaliksir.com\/index.php\/wp-json\/wp\/v2\/categories?post=176"},{"taxonomy":"post_tag","embeddable":true,"href":"https:\/\/casadelaalquimiaaliksir.com\/index.php\/wp-json\/wp\/v2\/tags?post=176"}],"curies":[{"name":"wp","href":"https:\/\/api.w.org\/{rel}","templated":true}]}}